{"id":16,"date":"2023-06-16T18:38:15","date_gmt":"2023-06-16T18:38:15","guid":{"rendered":"http:\/\/malina.bieszczady.pl\/?p=16"},"modified":"2023-06-16T18:38:15","modified_gmt":"2023-06-16T18:38:15","slug":"zimowa-i-gorska-pogoda","status":"publish","type":"post","link":"http:\/\/malina.bieszczady.pl\/index.php\/2023\/06\/16\/zimowa-i-gorska-pogoda\/","title":{"rendered":"Zimowa i g\u00f3rska pogoda"},"content":{"rendered":"<p>Je\u015bli kilka j\u0119zyk\u00f3w si\u0119 po\u0142\u0105czy, gramatyka powsta\u0142ego w ten spos\u00f3b j\u0119zyka jest prostsza i bardziej regularna ni\u017c gramatyka poszczeg\u00f3lnych j\u0119zyk\u00f3w. Nowy wsp\u00f3lny j\u0119zyk b\u0119dzie prostszy i bardziej regularny ni\u017c istniej\u0105ce j\u0119zyki europejskie. B\u0119dzie on tak prosty jak zachodni; w rzeczywisto\u015bci b\u0119dzie on zachodni.<\/p>\n","protected":false},"excerpt":{"rendered":"<p>Je\u015bli kilka j\u0119zyk\u00f3w si\u0119 po\u0142\u0105czy, gramatyka powsta\u0142ego w ten spos\u00f3b j\u0119zyka jest prostsza i bardziej regularna ni\u017c gramatyka poszczeg\u00f3lnych j\u0119zyk\u00f3w. Nowy wsp\u00f3lny j\u0119zyk b\u0119dzie prostszy i bardziej regularny ni\u017c istniej\u0105ce j\u0119zyki europejskie. B\u0119dzie on tak prosty jak zachodni; w rzeczywisto\u015bci b\u0119dzie on zachodni.<\/p>\n","protected":false},"author":1,"featured_media":0,"comment_status":"open","ping_status":"open","sticky":false,"template":"","format":"standard","meta":{"footnotes":""},"categories":[1],"tags":[],"class_list":["post-16","post","type-post","status-publish","format-standard","hentry","category-uncategorized"],"_links":{"self":[{"href":"http:\/\/malina.bieszczady.pl\/index.php\/wp-json\/wp\/v2\/posts\/16","targetHints":{"allow":["GET"]}}],"collection":[{"href":"http:\/\/malina.bieszczady.pl\/index.php\/wp-json\/wp\/v2\/posts"}],"about":[{"href":"http:\/\/malina.bieszczady.pl\/index.php\/wp-json\/wp\/v2\/types\/post"}],"author":[{"embeddable":true,"href":"http:\/\/malina.bieszczady.pl\/index.php\/wp-json\/wp\/v2\/users\/1"}],"replies":[{"embeddable":true,"href":"http:\/\/malina.bieszczady.pl\/index.php\/wp-json\/wp\/v2\/comments?post=16"}],"version-history":[{"count":1,"href":"http:\/\/malina.bieszczady.pl\/index.php\/wp-json\/wp\/v2\/posts\/16\/revisions"}],"predecessor-version":[{"id":27,"href":"http:\/\/malina.bieszczady.pl\/index.php\/wp-json\/wp\/v2\/posts\/16\/revisions\/27"}],"wp:attachment":[{"href":"http:\/\/malina.bieszczady.pl\/index.php\/wp-json\/wp\/v2\/media?parent=16"}],"wp:term":[{"taxonomy":"category","embeddable":true,"href":"http:\/\/malina.bieszczady.pl\/index.php\/wp-json\/wp\/v2\/categories?post=16"},{"taxonomy":"post_tag","embeddable":true,"href":"http:\/\/malina.bieszczady.pl\/index.php\/wp-json\/wp\/v2\/tags?post=16"}],"curies":[{"name":"wp","href":"https:\/\/api.w.org\/{rel}","templated":true}]}}